{"id":311,"date":"2016-04-01T13:00:53","date_gmt":"2016-04-01T13:00:53","guid":{"rendered":"http:\/\/www.escolavirginioperillo.com.br\/?p=311"},"modified":"2024-07-17T21:17:12","modified_gmt":"2024-07-18T00:17:12","slug":"prestacao-de-contas","status":"publish","type":"post","link":"https:\/\/www.escolavirginioperillo.com.br\/?p=311","title":{"rendered":"EXTRATO DE PUBLICA\u00c7\u00c3O DE EDITAL\/CHAMADA P\u00daBLICA"},"content":{"rendered":"<h5 style=\"text-align: center;\"><span style=\"font-size: 14pt;\"><strong>Extrato de Edital para Chamada P\u00fablica \u2013 Agricultura Familiar<\/strong><\/span><\/h5>\n<p style=\"text-align: justify;\">A Caixa Escolar Virg\u00ednio Perillo realiza Chamada P\u00fablica n\u00ba 01\/2016 para Aquisi\u00e7\u00e3o de G\u00eaneros Aliment\u00edcios da Agricultura Familiar, do Empreendedor Rural ou de suas organiza\u00e7\u00f5es para Alimenta\u00e7\u00e3o Escolar. Os Fornecedores Individuais, Grupos Formais e Informais dever\u00e3o apresentar a documenta\u00e7\u00e3o prevista artigo 27 da Resolu\u00e7\u00e3o FNDE n\u00ba 26\/2013, para habilita\u00e7\u00e3o e Projeto de Venda at\u00e9 o dia 14\/04\/2016, \u00e0s 16 h, na E.E. Virg\u00ednio Perillo, localizada na Av. Bernardes Maciel n\u00b0 471 \u2013 Lagoa da Prata\/MG \u2013 CEP 35.590.000 \u2013 Telefone (37.3261-3222), e-mail: <a href=\"mailto:escola.34100@educacao.mg.gov.br\">escola.34100@educacao.mg.gov.br<\/a>. O Edital com os quantitativos e g\u00eaneros aliment\u00edcios est\u00e3o dispon\u00edveis na escola acima descrita.<\/p>\n","protected":false},"excerpt":{"rendered":"<p>Extrato de Edital para Chamada P\u00fablica \u2013 Agricultura Familiar A Caixa Escolar Virg\u00ednio Perillo realiza Chamada P\u00fablica n\u00ba 01\/2016 para Aquisi\u00e7\u00e3o de G\u00eaneros Aliment\u00edcios da Agricultura Familiar, do Empreendedor Rural ou de suas organiza\u00e7\u00f5es para Alimenta\u00e7\u00e3o Escolar. Os Fornecedores Individuais, Grupos Formais e Informais dever\u00e3o apresentar a documenta\u00e7\u00e3o prevista artigo 27 da Resolu\u00e7\u00e3o FNDE n\u00ba [&hellip;]<\/p>\n","protected":false},"author":1,"featured_media":857,"comment_status":"closed","ping_status":"open","sticky":true,"template":"","format":"standard","meta":[],"categories":[5],"tags":[],"_links":{"self":[{"href":"https:\/\/www.escolavirginioperillo.com.br\/index.php?rest_route=\/wp\/v2\/posts\/311"}],"collection":[{"href":"https:\/\/www.escolavirginioperillo.com.br\/index.php?rest_route=\/wp\/v2\/posts"}],"about":[{"href":"https:\/\/www.escolavirginioperillo.com.br\/index.php?rest_route=\/wp\/v2\/types\/post"}],"author":[{"embeddable":true,"href":"https:\/\/www.escolavirginioperillo.com.br\/index.php?rest_route=\/wp\/v2\/users\/1"}],"replies":[{"embeddable":true,"href":"https:\/\/www.escolavirginioperillo.com.br\/index.php?rest_route=%2Fwp%2Fv2%2Fcomments&post=311"}],"version-history":[{"count":9,"href":"https:\/\/www.escolavirginioperillo.com.br\/index.php?rest_route=\/wp\/v2\/posts\/311\/revisions"}],"predecessor-version":[{"id":859,"href":"https:\/\/www.escolavirginioperillo.com.br\/index.php?rest_route=\/wp\/v2\/posts\/311\/revisions\/859"}],"wp:featuredmedia":[{"embeddable":true,"href":"https:\/\/www.escolavirginioperillo.com.br\/index.php?rest_route=\/wp\/v2\/media\/857"}],"wp:attachment":[{"href":"https:\/\/www.escolavirginioperillo.com.br\/index.php?rest_route=%2Fwp%2Fv2%2Fmedia&parent=311"}],"wp:term":[{"taxonomy":"category","embeddable":true,"href":"https:\/\/www.escolavirginioperillo.com.br\/index.php?rest_route=%2Fwp%2Fv2%2Fcategories&post=311"},{"taxonomy":"post_tag","embeddable":true,"href":"https:\/\/www.escolavirginioperillo.com.br\/index.php?rest_route=%2Fwp%2Fv2%2Ftags&post=311"}],"curies":[{"name":"wp","href":"https:\/\/api.w.org\/{rel}","templated":true}]}}